




{"id":40797,"date":"2024-08-22T13:29:15","date_gmt":"2024-08-22T11:29:15","guid":{"rendered":"https:\/\/sport-timing.pl\/pomiar-czasu\/?p=40797"},"modified":"2024-08-27T09:36:23","modified_gmt":"2024-08-27T07:36:23","slug":"vii-bieg-grania-tatr","status":"publish","type":"post","link":"https:\/\/sport-timing.pl\/pomiar-czasu\/vii-bieg-grania-tatr\/","title":{"rendered":"VII Bieg Grani\u0105 Tatr 2024"},"content":{"rendered":"\t\t<div data-elementor-type=\"wp-post\" data-elementor-id=\"40797\" class=\"elementor elementor-40797\" data-elementor-post-type=\"post\">\n\t\t\t\t<div class=\"elementor-element elementor-element-27d17b1 e-flex e-con-boxed e-con e-parent\" data-id=\"27d17b1\" data-element_type=\"container\" data-settings=\"{&quot;background_background&quot;:&quot;classic&quot;}\">\n\t\t\t\t\t<div class=\"e-con-inner\">\n\t\t<div class=\"elementor-element elementor-element-f56403d e-flex e-con-boxed e-con e-child\" data-id=\"f56403d\" data-element_type=\"container\">\n\t\t\t\t\t<div class=\"e-con-inner\">\n\t\t<div class=\"elementor-element elementor-element-f7ed9e8 e-con-full e-flex e-con e-child\" data-id=\"f7ed9e8\" data-element_type=\"container\">\n\t\t\t\t<div class=\"elementor-element elementor-element-319aaa3 elementor-widget elementor-widget-heading\" data-id=\"319aaa3\" data-element_type=\"widget\" data-widget_type=\"heading.default\">\n\t\t\t\t<div class=\"elementor-widget-container\">\n\t\t\t<h3 class=\"elementor-heading-title elementor-size-default\">Wyniki<\/h3>\t\t<\/div>\n\t\t\t\t<\/div>\n\t\t\t\t<\/div>\n\t\t<div class=\"elementor-element elementor-element-379560f e-con-full e-flex e-con e-child\" data-id=\"379560f\" data-element_type=\"container\">\n\t\t\t\t<div class=\"elementor-element elementor-element-9dfd999 elementor-align-justify elementor-widget elementor-widget-button\" data-id=\"9dfd999\" data-element_type=\"widget\" data-widget_type=\"button.default\">\n\t\t\t\t<div class=\"elementor-widget-container\">\n\t\t\t\t\t<div class=\"elementor-button-wrapper\">\n\t\t\t<a class=\"elementor-button elementor-button-link elementor-size-lg elementor-animation-grow\" href=\"https:\/\/sport-timing.pl\/pomiar-czasu\/vii-bieg-grania-tatr-2024-live\/\">\n\t\t\t\t\t\t<span class=\"elementor-button-content-wrapper\">\n\t\t\t\t\t\t<span class=\"elementor-button-icon\">\n\t\t\t\t<i aria-hidden=\"true\" class=\"fas fa-list-ol\"><\/i>\t\t\t<\/span>\n\t\t\t\t\t\t\t\t\t<span class=\"elementor-button-text\">Wyniki Live \/ Live Results<\/span>\n\t\t\t\t\t<\/span>\n\t\t\t\t\t<\/a>\n\t\t<\/div>\n\t\t\t\t<\/div>\n\t\t\t\t<\/div>\n\t\t\t\t<div class=\"elementor-element elementor-element-61343a2 elementor-align-justify elementor-widget elementor-widget-button\" data-id=\"61343a2\" data-element_type=\"widget\" data-widget_type=\"button.default\">\n\t\t\t\t<div class=\"elementor-widget-container\">\n\t\t\t\t\t<div class=\"elementor-button-wrapper\">\n\t\t\t<a class=\"elementor-button elementor-button-link elementor-size-lg elementor-animation-grow\" href=\"https:\/\/sport-timing.pl\/pomiar-czasu\/vii-bieg-grania-tatr-2024-uczestnicy\/\">\n\t\t\t\t\t\t<span class=\"elementor-button-content-wrapper\">\n\t\t\t\t\t\t<span class=\"elementor-button-icon\">\n\t\t\t\t<i aria-hidden=\"true\" class=\"fas fa-users\"><\/i>\t\t\t<\/span>\n\t\t\t\t\t\t\t\t\t<span class=\"elementor-button-text\">Uczestnicy \/ Participants<\/span>\n\t\t\t\t\t<\/span>\n\t\t\t\t\t<\/a>\n\t\t<\/div>\n\t\t\t\t<\/div>\n\t\t\t\t<\/div>\n\t\t\t\t<div class=\"elementor-element elementor-element-3505239 elementor-align-justify elementor-widget elementor-widget-button\" data-id=\"3505239\" data-element_type=\"widget\" data-widget_type=\"button.default\">\n\t\t\t\t<div class=\"elementor-widget-container\">\n\t\t\t\t\t<div class=\"elementor-button-wrapper\">\n\t\t\t<a class=\"elementor-button elementor-button-link elementor-size-lg elementor-animation-grow\" href=\"https:\/\/sport-timing.pl\/pomiar-czasu\/vii-bieg-grania-tatr-2024-wyniki\/\">\n\t\t\t\t\t\t<span class=\"elementor-button-content-wrapper\">\n\t\t\t\t\t\t<span class=\"elementor-button-icon\">\n\t\t\t\t<i aria-hidden=\"true\" class=\"fas fa-list-ol\"><\/i>\t\t\t<\/span>\n\t\t\t\t\t\t\t\t\t<span class=\"elementor-button-text\">Wyniki \/ Results<\/span>\n\t\t\t\t\t<\/span>\n\t\t\t\t\t<\/a>\n\t\t<\/div>\n\t\t\t\t<\/div>\n\t\t\t\t<\/div>\n\t\t\t\t<\/div>\n\t\t\t\t\t<\/div>\n\t\t\t\t<\/div>\n\t\t\t\t<div class=\"elementor-element elementor-element-15ff1bf elementor-widget elementor-widget-text-editor\" data-id=\"15ff1bf\" data-element_type=\"widget\" data-widget_type=\"text-editor.default\">\n\t\t\t\t<div class=\"elementor-widget-container\">\n\t\t\t<style>\/*! elementor - v3.23.0 - 05-08-2024 *\/\n.elementor-widget-text-editor.elementor-drop-cap-view-stacked .elementor-drop-cap{background-color:#69727d;color:#fff}.elementor-widget-text-editor.elementor-drop-cap-view-framed .elementor-drop-cap{color:#69727d;border:3px solid;background-color:transparent}.elementor-widget-text-editor:not(.elementor-drop-cap-view-default) .elementor-drop-cap{margin-top:8px}.elementor-widget-text-editor:not(.elementor-drop-cap-view-default) .elementor-drop-cap-letter{width:1em;height:1em}.elementor-widget-text-editor .elementor-drop-cap{float:left;text-align:center;line-height:1;font-size:50px}.elementor-widget-text-editor .elementor-drop-cap-letter{display:inline-block}<\/style>\t\t\t\t<p style=\"text-align: left;\"><strong>Bieg Ultra Grani\u0105 Tatr jest to jeden z najbardziej wyczekiwanych i najtrudniejszych technicznie bieg\u00f3w ultra w Polsce.<\/strong><\/p><p style=\"text-align: left;\">Rozgrywany od 2013 r., odbywa\u0142 si\u0119 co dwa lata, od roku 2023 jest rozgrywany co roku: zawsze w drugiej po\u0142owie sierpnia \u2013 termin VII edycji to 24.08.2024r. Ograniczona do 350 liczba miejsc sprawia, \u017ce w ka\u017cdej edycji ch\u0119tnych do startu jest dwukrotnie, a nawet trzykrotnie wi\u0119cej. Aby zapisa\u0107 si\u0119 do losowania nale\u017cy mie\u0107 zebrane punkty kwalifikacyjne z innych bieg\u00f3w ultra w Polsce i na \u015bwiecie.<\/p><p style=\"text-align: left;\">Trasa biegu\u00a0jest niezwykle wymagaj\u0105ca technicznie a jednocze\u015bnie pi\u0119kna, prowadzi szlakami Tatrza\u0144skiego Parku Narodowego z Siwej Polany u wylotu Doliny Chocho\u0142owskiej a\u017c do mety w Ku\u017anicach, cz\u0119sto powy\u017cej 2000m npm. D\u0142ugo\u015b\u0107 trasy wynosi 71 km, a \u0142\u0105czna suma przewy\u017csze\u0144 to +\/-5000 m.<\/p><p style=\"text-align: left;\">Organizatorem zawod\u00f3w s\u0105 Przewodnicy Tatrza\u0144scy i Ratownicy TOPR z klubu TKN Tatra Team z Zakopanego. Zim\u0105 przygotowuj\u0105 tak\u017ce zawody w narciarstwie wysokog\u00f3rskim imienia Piotra Malinowskiego. Wolontariusze i Sponsorzy, bez kt\u00f3rych nasze zawody nie mog\u0142yby si\u0119 odby\u0107, wspieraj\u0105 nas z ca\u0142ej Polski &#8211; za co serdecznie dzi\u0119kujemy.<\/p>\t\t\t\t\t\t<\/div>\n\t\t\t\t<\/div>\n\t\t\t\t\t<\/div>\n\t\t\t\t<\/div>\n\t\t<div class=\"elementor-element elementor-element-753a3aa e-flex e-con-boxed e-con e-parent\" data-id=\"753a3aa\" data-element_type=\"container\">\n\t\t\t\t\t<div class=\"e-con-inner\">\n\t\t<div class=\"elementor-element elementor-element-00a7ee0 e-con-full e-flex e-con e-child\" data-id=\"00a7ee0\" data-element_type=\"container\">\n\t\t\t\t<div class=\"elementor-element elementor-element-31b7487 elementor-align-justify elementor-widget elementor-widget-button\" data-id=\"31b7487\" data-element_type=\"widget\" data-widget_type=\"button.default\">\n\t\t\t\t<div class=\"elementor-widget-container\">\n\t\t\t\t\t<div class=\"elementor-button-wrapper\">\n\t\t\t<a class=\"elementor-button elementor-button-link elementor-size-lg elementor-animation-grow\" href=\"https:\/\/www.graniatatr.pl\/\" target=\"_blank\">\n\t\t\t\t\t\t<span class=\"elementor-button-content-wrapper\">\n\t\t\t\t\t\t<span class=\"elementor-button-icon\">\n\t\t\t\t<i aria-hidden=\"true\" class=\"fas fa-globe\"><\/i>\t\t\t<\/span>\n\t\t\t\t\t\t\t\t\t<span class=\"elementor-button-text\">Strona organizatora<\/span>\n\t\t\t\t\t<\/span>\n\t\t\t\t\t<\/a>\n\t\t<\/div>\n\t\t\t\t<\/div>\n\t\t\t\t<\/div>\n\t\t\t\t<div class=\"elementor-element elementor-element-ed7e11a elementor-align-justify elementor-widget elementor-widget-button\" data-id=\"ed7e11a\" data-element_type=\"widget\" data-widget_type=\"button.default\">\n\t\t\t\t<div class=\"elementor-widget-container\">\n\t\t\t\t\t<div class=\"elementor-button-wrapper\">\n\t\t\t<a class=\"elementor-button elementor-button-link elementor-size-lg elementor-animation-grow\" href=\"https:\/\/www.facebook.com\/BiegUltraGraniaTatr\" target=\"_blank\">\n\t\t\t\t\t\t<span class=\"elementor-button-content-wrapper\">\n\t\t\t\t\t\t<span class=\"elementor-button-icon\">\n\t\t\t\t<i aria-hidden=\"true\" class=\"fab fa-facebook\"><\/i>\t\t\t<\/span>\n\t\t\t\t\t\t\t\t\t<span class=\"elementor-button-text\">Profil Facebook<\/span>\n\t\t\t\t\t<\/span>\n\t\t\t\t\t<\/a>\n\t\t<\/div>\n\t\t\t\t<\/div>\n\t\t\t\t<\/div>\n\t\t\t\t<\/div>\n\t\t\t\t\t<\/div>\n\t\t\t\t<\/div>\n\t\t\t\t<\/div>\n\t\t","protected":false},"excerpt":{"rendered":"<p>Wyniki Live! Live! Wyniki Live \/ Live Results Uczestnicy \/ Participants Wyniki \/ Results Bieg Ultra Grani\u0105 Tatr jest to jeden z najbardziej wyczekiwanych i najtrudniejszych technicznie bieg\u00f3w ultra w Polsce. Rozgrywany od 2013 r., odbywa\u0142 si\u0119 co dwa lata, od roku 2023 jest rozgrywany co roku: zawsze w drugiej po\u0142owie sierpnia \u2013 termin VII edycji to 24.08.2024r. Ograniczona do 350 liczba miejsc sprawia, \u017ce w ka\u017cdej edycji ch\u0119tnych do startu jest dwukrotnie, a nawet trzykrotnie wi\u0119cej. Aby zapisa\u0107 si\u0119 do losowania nale\u017cy mie\u0107 zebrane punkty kwalifikacyjne z innych bieg\u00f3w ultra w Polsce i na \u015bwiecie. Trasa biegu\u00a0jest niezwykle wymagaj\u0105ca technicznie a jednocze\u015bnie pi\u0119kna, prowadzi szlakami Tatrza\u0144skiego Parku Narodowego z Siwej Polany u wylotu Doliny Chocho\u0142owskiej a\u017c do mety w Ku\u017anicach, cz\u0119sto powy\u017cej 2000m npm. D\u0142ugo\u015b\u0107 trasy wynosi 71 km, a \u0142\u0105czna suma przewy\u017csze\u0144 to +\/-5000 m. Organizatorem zawod\u00f3w s\u0105 Przewodnicy Tatrza\u0144scy i Ratownicy TOPR z klubu TKN Tatra Team z Zakopanego. Zim\u0105 przygotowuj\u0105 tak\u017ce zawody w narciarstwie wysokog\u00f3rskim imienia Piotra Malinowskiego. Wolontariusze i Sponsorzy, bez kt\u00f3rych nasze zawody nie mog\u0142yby si\u0119 odby\u0107, wspieraj\u0105 nas z ca\u0142ej Polski &#8211; za co serdecznie dzi\u0119kujemy. Strona organizatora Profil Facebook<\/p>\n","protected":false},"author":2112,"featured_media":33228,"comment_status":"closed","ping_status":"closed","sticky":false,"template":"","format":"standard","meta":{"_acf_changed":false,"_monsterinsights_skip_tracking":false,"_monsterinsights_sitenote_active":false,"_monsterinsights_sitenote_note":"","_monsterinsights_sitenote_category":0,"footnotes":""},"categories":[67,4],"tags":[],"class_list":["post-40797","post","type-post","status-publish","format-standard","has-post-thumbnail","hentry","category-biegi-gorskie","category-wyniki"],"acf":[],"aioseo_notices":[],"_links":{"self":[{"href":"https:\/\/sport-timing.pl\/pomiar-czasu\/wp-json\/wp\/v2\/posts\/40797","targetHints":{"allow":["GET"]}}],"collection":[{"href":"https:\/\/sport-timing.pl\/pomiar-czasu\/wp-json\/wp\/v2\/posts"}],"about":[{"href":"https:\/\/sport-timing.pl\/pomiar-czasu\/wp-json\/wp\/v2\/types\/post"}],"author":[{"embeddable":true,"href":"https:\/\/sport-timing.pl\/pomiar-czasu\/wp-json\/wp\/v2\/users\/2112"}],"replies":[{"embeddable":true,"href":"https:\/\/sport-timing.pl\/pomiar-czasu\/wp-json\/wp\/v2\/comments?post=40797"}],"version-history":[{"count":41,"href":"https:\/\/sport-timing.pl\/pomiar-czasu\/wp-json\/wp\/v2\/posts\/40797\/revisions"}],"predecessor-version":[{"id":41398,"href":"https:\/\/sport-timing.pl\/pomiar-czasu\/wp-json\/wp\/v2\/posts\/40797\/revisions\/41398"}],"wp:featuredmedia":[{"embeddable":true,"href":"https:\/\/sport-timing.pl\/pomiar-czasu\/wp-json\/wp\/v2\/media\/33228"}],"wp:attachment":[{"href":"https:\/\/sport-timing.pl\/pomiar-czasu\/wp-json\/wp\/v2\/media?parent=40797"}],"wp:term":[{"taxonomy":"category","embeddable":true,"href":"https:\/\/sport-timing.pl\/pomiar-czasu\/wp-json\/wp\/v2\/categories?post=40797"},{"taxonomy":"post_tag","embeddable":true,"href":"https:\/\/sport-timing.pl\/pomiar-czasu\/wp-json\/wp\/v2\/tags?post=40797"}],"curies":[{"name":"wp","href":"https:\/\/api.w.org\/{rel}","templated":true}]}}